{"id":7250,"date":"2026-09-01T15:39:38","date_gmt":"2026-09-01T20:39:38","guid":{"rendered":"https:\/\/chsalternativo.org\/reportealternativo\/?p=7250"},"modified":"2026-09-01T17:03:15","modified_gmt":"2026-09-01T22:03:15","slug":"cusco-docentes-son-capacitados-para-prevenir-la-violencia-de-genero-y-la-trata-de-personas","status":"publish","type":"post","link":"https:\/\/chsalternativo.org\/reportealternativo\/2026\/09\/01\/cusco-docentes-son-capacitados-para-prevenir-la-violencia-de-genero-y-la-trata-de-personas\/","title":{"rendered":"CUSCO | DOCENTES SON CAPACITADOS PARA PREVENIR LA VIOLENCIA DE G\u00c9NERO Y LA TRATA DE PERSONAS"},"content":{"rendered":"\n<p><em><em>Profesores fortalecieron sus capacidades para identificar se\u00f1ales de alerta y prevenir situaciones de trata de personas y violencia desde el \u00e1mbito educativo.<\/em><\/em><\/p>\n\n\n\n<p>M\u00e1s de 50 docentes de diversas instituciones educativas de Cusco participaron en la segunda edici\u00f3n del curso de actualizaci\u00f3n \u201cEscuela de Tutores 2026\u201d, orientado a fortalecer sus capacidades para identificar se\u00f1ales de alerta, detectar posibles casos de trata de personas y prevenir situaciones de violencia desde el \u00e1mbito educativo.<\/p>\n\n\n\n<p>El espacio tambi\u00e9n permiti\u00f3 reconocer la importancia del rol de las y los docentes en la detecci\u00f3n oportuna de factores de riesgo y en el acompa\u00f1amiento a estudiantes que puedan encontrarse en situaciones de peligro.<\/p>\n\n\n\n<p>La actividad fue organizada por el Gobierno Regional Cusco, a trav\u00e9s de la Gerencia Regional de Educaci\u00f3n, y se desarroll\u00f3 como parte de las acciones conjuntas del proyecto \u201cAsistencia, protecci\u00f3n y reintegraci\u00f3n de v\u00edctimas de trata de personas y violencia basada en g\u00e9nero en Per\u00fa\u201d, con Fundaci\u00f3n \u201cla Caixa\u201d y la Veedur\u00eda Mirada Ciudadana, impulsada por el Instituto Bicentenario.<\/p>\n","protected":false},"excerpt":{"rendered":"<p>M\u00e1s de 50 docentes de Cusco fortalecieron sus capacidades para identificar se\u00f1ales de alerta, detectar posibles casos de trata y prevenir situaciones de violencia desde el \u00e1mbito educativo.<\/p>\n","protected":false},"author":1,"featured_media":7252,"comment_status":"open","ping_status":"open","sticky":false,"template":"","format":"standard","meta":{"_monsterinsights_skip_tracking":false,"_monsterinsights_sitenote_active":false,"_monsterinsights_sitenote_note":"","_monsterinsights_sitenote_category":0},"categories":[439,69],"tags":[],"_links":{"self":[{"href":"https:\/\/chsalternativo.org\/reportealternativo\/wp-json\/wp\/v2\/posts\/7250"}],"collection":[{"href":"https:\/\/chsalternativo.org\/reportealternativo\/wp-json\/wp\/v2\/posts"}],"about":[{"href":"https:\/\/chsalternativo.org\/reportealternativo\/wp-json\/wp\/v2\/types\/post"}],"author":[{"embeddable":true,"href":"https:\/\/chsalternativo.org\/reportealternativo\/wp-json\/wp\/v2\/users\/1"}],"replies":[{"embeddable":true,"href":"https:\/\/chsalternativo.org\/reportealternativo\/wp-json\/wp\/v2\/comments?post=7250"}],"version-history":[{"count":3,"href":"https:\/\/chsalternativo.org\/reportealternativo\/wp-json\/wp\/v2\/posts\/7250\/revisions"}],"predecessor-version":[{"id":7267,"href":"https:\/\/chsalternativo.org\/reportealternativo\/wp-json\/wp\/v2\/posts\/7250\/revisions\/7267"}],"wp:featuredmedia":[{"embeddable":true,"href":"https:\/\/chsalternativo.org\/reportealternativo\/wp-json\/wp\/v2\/media\/7252"}],"wp:attachment":[{"href":"https:\/\/chsalternativo.org\/reportealternativo\/wp-json\/wp\/v2\/media?parent=7250"}],"wp:term":[{"taxonomy":"category","embeddable":true,"href":"https:\/\/chsalternativo.org\/reportealternativo\/wp-json\/wp\/v2\/categories?post=7250"},{"taxonomy":"post_tag","embeddable":true,"href":"https:\/\/chsalternativo.org\/reportealternativo\/wp-json\/wp\/v2\/tags?post=7250"}],"curies":[{"name":"wp","href":"https:\/\/api.w.org\/{rel}","templated":true}]}}